{"id":28510,"global_id":"concoval.es\/es?id=28510","global_id_lineage":["concoval.es\/es?id=28510"],"author":"2","status":"publish","date":"2022-01-21 10:51:29","date_utc":"2022-01-21 09:51:29","modified":"2022-01-31 12:14:29","modified_utc":"2022-01-31 11:14:29","url":"https:\/\/concoval.es\/es\/agenda\/presentacion-informe-un-medio-rural-posible-y-necesario\/","rest_url":"https:\/\/concoval.es\/es\/wp-json\/tribe\/events\/v1\/events\/28510","title":"Presentaci\u00f3n Informe \u201cUn medio rural posible y necesario\u201d","description":"<p><a href=\"https:\/\/concoval.es\/wp-content\/uploads\/2022\/01\/PROGRAMA-Jornada-Un-medio-rural-posible-y-necesario-8-2-22-.pdf\">Programa<\/a><\/p>","excerpt":"","slug":"presentacion-informe-un-medio-rural-posible-y-necesario","image":{"url":"https:\/\/concoval.es\/wp-content\/uploads\/2019\/02\/IMAGEN-AGENDA-Eventos-CV-concoval.png","id":28384,"extension":"png","width":300,"height":170,"sizes":{"thumbnail":{"width":150,"height":150,"mime-type":"image\/png","url":"https:\/\/concoval.es\/wp-content\/uploads\/2019\/02\/IMAGEN-AGENDA-Eventos-CV-concoval-150x150.png"},"eventer-thumb-170x170":{"width":170,"height":170,"mime-type":"image\/png","url":"https:\/\/concoval.es\/wp-content\/uploads\/2019\/02\/IMAGEN-AGENDA-Eventos-CV-concoval-170x170.png"}}},"all_day":false,"start_date":"2022-02-08 09:30:00","start_date_details":{"year":"2022","month":"02","day":"08","hour":"09","minutes":"30","seconds":"00"},"end_date":"2022-02-08 12:30:00","end_date_details":{"year":"2022","month":"02","day":"08","hour":"12","minutes":"30","seconds":"00"},"utc_start_date":"2022-02-08 08:30:00","utc_start_date_details":{"year":"2022","month":"02","day":"08","hour":"08","minutes":"30","seconds":"00"},"utc_end_date":"2022-02-08 11:30:00","utc_end_date_details":{"year":"2022","month":"02","day":"08","hour":"11","minutes":"30","seconds":"00"},"timezone":"Europe\/Madrid","timezone_abbr":"CET","cost":"","cost_details":{"currency_symbol":"","currency_code":"","currency_position":"prefix","values":[]},"website":"","show_map":true,"show_map_link":true,"hide_from_listings":false,"sticky":false,"featured":false,"categories":[{"name":"Eventos Comunidad Valenciana","slug":"eventos-comunidad-valenciana","term_group":0,"term_taxonomy_id":815,"taxonomy":"tribe_events_cat","description":"","parent":0,"count":285,"filter":"raw","id":815,"urls":{"self":"https:\/\/concoval.es\/es\/wp-json\/tribe\/events\/v1\/categories\/815","collection":"https:\/\/concoval.es\/es\/wp-json\/tribe\/events\/v1\/categories"}}],"tags":[],"venue":{"id":28512,"author":"2","status":"publish","date":"2022-01-21 10:51:29","date_utc":"2022-01-21 09:51:29","modified":"2022-01-21 10:51:29","modified_utc":"2022-01-21 09:51:29","url":"https:\/\/concoval.es\/es\/local\/auditorio-y-palacio-de-congresos-de-castello\/","venue":"Auditorio y Palacio de Congresos de Castell\u00f3","slug":"auditorio-y-palacio-de-congresos-de-castello","address":"Av. de la Mare de D\u00e9u del Lled\u00f3, 50","city":"Castell\u00f3n de la Plana","json_ld":{"@type":"Place","name":"Auditorio y Palacio de Congresos de Castell\u00f3","description":"","url":"","address":{"@type":"PostalAddress","streetAddress":"Av. de la Mare de D\u00e9u del Lled\u00f3, 50","addressLocality":"Castell\u00f3n de la Plana"},"telephone":"","sameAs":""},"show_map":true,"show_map_link":true,"global_id":"concoval.es\/es?id=28512","global_id_lineage":["concoval.es\/es?id=28512"]},"organizer":[{"id":28513,"author":"2","status":"publish","date":"2022-01-21 10:51:29","date_utc":"2022-01-21 09:51:29","modified":"2022-01-21 10:51:29","modified_utc":"2022-01-21 09:51:29","url":"https:\/\/concoval.es\/es\/organizador\/comite-economic-i-social-de-la-comunitat-valenciana\/","organizer":"Comit\u00e9 Econ\u00f2mic i Social de la Comunitat Valenciana","slug":"comite-economic-i-social-de-la-comunitat-valenciana","json_ld":{"@type":"Person","name":"Comit\u00e9 Econ\u00f2mic i Social de la Comunitat Valenciana","description":"","url":"","telephone":"","email":"","sameAs":""},"global_id":"concoval.es\/es?id=28513","global_id_lineage":["concoval.es\/es?id=28513"]}],"json_ld":{"@context":"http:\/\/schema.org","@type":"Event","name":"Presentaci\u00f3n Informe \u201cUn medio rural posible y necesario\u201d","description":"&lt;p&gt;ProgramaPrograma&lt;\/p&gt;\\n","image":"https:\/\/concoval.es\/wp-content\/uploads\/2019\/02\/IMAGEN-AGENDA-Eventos-CV-concoval.png","url":"https:\/\/concoval.es\/es\/agenda\/presentacion-informe-un-medio-rural-posible-y-necesario\/","eventAttendanceMode":"https:\/\/schema.org\/OfflineEventAttendanceMode","eventStatus":"https:\/\/schema.org\/EventScheduled","startDate":"2022-02-08T09:30:00+01:00","endDate":"2022-02-08T12:30:00+01:00","location":{"@type":"Place","name":"Auditorio y Palacio de Congresos de Castell\u00f3","description":"","url":"","address":{"@type":"PostalAddress","streetAddress":"Av. de la Mare de D\u00e9u del Lled\u00f3, 50","addressLocality":"Castell\u00f3n de la Plana"},"telephone":"","sameAs":""},"organizer":{"@type":"Person","name":"Comit\u00e9 Econ\u00f2mic i Social de la Comunitat Valenciana","description":"","url":"","telephone":"","email":"","sameAs":""},"performer":"Organization"}}