{"id":29319,"global_id":"concoval.es\/es?id=29319","global_id_lineage":["concoval.es\/es?id=29319"],"author":"2","status":"publish","date":"2022-04-26 14:47:30","date_utc":"2022-04-26 12:47:30","modified":"2022-04-26 14:48:49","modified_utc":"2022-04-26 12:48:49","url":"https:\/\/concoval.es\/es\/agenda\/workshop-lineas-basicas-para-combatir-la-pobreza-energetica\/","rest_url":"https:\/\/concoval.es\/es\/wp-json\/tribe\/events\/v1\/events\/29319","title":"Workshop l\u00edneas b\u00e1sicas para combatir la pobreza energ\u00e9tica","description":"<p><a href=\"https:\/\/esdeveniments.uv.es\/82238\/programme\/vii-ciclo-formacion-economia-social-y-solidaria-iudescoop.html\">M\u00e1s informaci\u00f3n<\/a><\/p>","excerpt":"","slug":"workshop-lineas-basicas-para-combatir-la-pobreza-energetica","image":{"url":"https:\/\/concoval.es\/wp-content\/uploads\/2019\/02\/IMAGEN-AGENDA-eventos-formacion-concoval.png","id":28388,"extension":"png","width":300,"height":170,"sizes":{"thumbnail":{"width":150,"height":150,"mime-type":"image\/png","url":"https:\/\/concoval.es\/wp-content\/uploads\/2019\/02\/IMAGEN-AGENDA-eventos-formacion-concoval-150x150.png"},"eventer-thumb-170x170":{"width":170,"height":170,"mime-type":"image\/png","url":"https:\/\/concoval.es\/wp-content\/uploads\/2019\/02\/IMAGEN-AGENDA-eventos-formacion-concoval-170x170.png"}}},"all_day":false,"start_date":"2022-04-27 17:00:00","start_date_details":{"year":"2022","month":"04","day":"27","hour":"17","minutes":"00","seconds":"00"},"end_date":"2022-04-27 19:00:00","end_date_details":{"year":"2022","month":"04","day":"27","hour":"19","minutes":"00","seconds":"00"},"utc_start_date":"2022-04-27 15:00:00","utc_start_date_details":{"year":"2022","month":"04","day":"27","hour":"15","minutes":"00","seconds":"00"},"utc_end_date":"2022-04-27 17:00:00","utc_end_date_details":{"year":"2022","month":"04","day":"27","hour":"17","minutes":"00","seconds":"00"},"timezone":"Europe\/Madrid","timezone_abbr":"CEST","cost":"","cost_details":{"currency_symbol":"","currency_code":"","currency_position":"prefix","values":[]},"website":"","show_map":true,"show_map_link":true,"hide_from_listings":false,"sticky":false,"featured":false,"categories":[{"name":"Formaci\u00f3n","slug":"formacion","term_group":0,"term_taxonomy_id":817,"taxonomy":"tribe_events_cat","description":"","parent":0,"count":59,"filter":"raw","id":817,"urls":{"self":"https:\/\/concoval.es\/es\/wp-json\/tribe\/events\/v1\/categories\/817","collection":"https:\/\/concoval.es\/es\/wp-json\/tribe\/events\/v1\/categories"}}],"tags":[],"venue":{"id":28393,"author":"2","status":"publish","date":"2022-01-16 20:32:45","date_utc":"2022-01-16 19:32:45","modified":"2022-01-17 10:24:29","modified_utc":"2022-01-17 09:24:29","url":"https:\/\/concoval.es\/es\/local\/online-mixto-presencial\/","venue":"MIXTO (Online\/presencial)","slug":"online-mixto-presencial","json_ld":{"@type":"Place","name":"MIXTO (Online\/presencial)","description":"","url":"","address":{"@type":"PostalAddress"},"telephone":"","sameAs":""},"show_map":false,"show_map_link":false,"global_id":"concoval.es\/es?id=28393","global_id_lineage":["concoval.es\/es?id=28393"]},"organizer":[{"id":29321,"author":"2","status":"publish","date":"2022-04-26 14:47:30","date_utc":"2022-04-26 12:47:30","modified":"2022-04-26 14:47:30","modified_utc":"2022-04-26 12:47:30","url":"https:\/\/concoval.es\/es\/organizador\/iudescoop\/","organizer":"Iudescoop","slug":"iudescoop","json_ld":{"@type":"Person","name":"Iudescoop","description":"","url":"","telephone":"","email":"","sameAs":""},"global_id":"concoval.es\/es?id=29321","global_id_lineage":["concoval.es\/es?id=29321"]},{"id":28498,"author":"2","status":"publish","date":"2022-01-21 10:20:31","date_utc":"2022-01-21 09:20:31","modified":"2022-01-21 10:20:31","modified_utc":"2022-01-21 09:20:31","url":"https:\/\/concoval.es\/es\/organizador\/uv-universitat-valencia\/","organizer":"UV-Universitat Val\u00e8ncia","slug":"uv-universitat-valencia","json_ld":{"@type":"Person","name":"UV-Universitat Val\u00e8ncia","description":"","url":"","telephone":"","email":"","sameAs":""},"global_id":"concoval.es\/es?id=28498","global_id_lineage":["concoval.es\/es?id=28498"]},{"id":29322,"author":"2","status":"publish","date":"2022-04-26 14:47:30","date_utc":"2022-04-26 12:47:30","modified":"2022-04-26 14:47:30","modified_utc":"2022-04-26 12:47:30","url":"https:\/\/concoval.es\/es\/organizador\/ciriec-espana\/","organizer":"Ciriec-Espa\u00f1a","slug":"ciriec-espana","json_ld":{"@type":"Person","name":"Ciriec-Espa\u00f1a","description":"","url":"","telephone":"","email":"","sameAs":""},"global_id":"concoval.es\/es?id=29322","global_id_lineage":["concoval.es\/es?id=29322"]}],"json_ld":{"@context":"http:\/\/schema.org","@type":"Event","name":"Workshop l\u00edneas b\u00e1sicas para combatir la pobreza energ\u00e9tica","description":"&lt;p&gt;M\u00e1s informaci\u00f3n&lt;\/p&gt;\\n","image":"https:\/\/concoval.es\/wp-content\/uploads\/2019\/02\/IMAGEN-AGENDA-eventos-formacion-concoval.png","url":"https:\/\/concoval.es\/es\/agenda\/workshop-lineas-basicas-para-combatir-la-pobreza-energetica\/","eventAttendanceMode":"https:\/\/schema.org\/OfflineEventAttendanceMode","eventStatus":"https:\/\/schema.org\/EventScheduled","startDate":"2022-04-27T17:00:00+02:00","endDate":"2022-04-27T19:00:00+02:00","location":{"@type":"Place","name":"MIXTO (Online\/presencial)","description":"","url":"","address":{"@type":"PostalAddress"},"telephone":"","sameAs":""},"organizer":{"@type":"Person","name":"Iudescoop","description":"","url":"","telephone":"","email":"","sameAs":""},"performer":"Organization"}}