{"id":19429,"date":"2017-07-20T10:05:21","date_gmt":"2017-07-20T10:05:21","guid":{"rendered":"http:\/\/concoval.es\/?p=19429"},"modified":"2017-11-08T09:44:31","modified_gmt":"2017-11-08T09:44:31","slug":"els-pressupostos-per-a-2018-en-materia-deconomia-social-podrien-augmentar-quasi-un-22","status":"publish","type":"post","link":"https:\/\/concoval.es\/es\/els-pressupostos-per-a-2018-en-materia-deconomia-social-podrien-augmentar-quasi-un-22\/","title":{"rendered":"Los presupuestos de la conselleria de Econom\u00eda Sostenible para 2018 plantear\u00e1n un incremento de 930.000 euros para al programa de ayudas a la econom\u00eda social"},"content":{"rendered":"<p>La Confederaci\u00f3 de Cooperativas de la Comunidad Valenciana ha participado en el pleno del Consell Valenci\u00e0 del Cooperativisme donde el conseller de Econom\u00eda Sostenible, Rafael Climent, ha presentado el borrador del anteproyecto de presupuestos en relaci\u00f3n a las l\u00edneas de ayudas a la econom\u00eda social.<\/p>\n<p>La Conselleria plantea un incremento de 930.000 euros respecto a la dotaci\u00f3n de este a\u00f1o (un 21,93% m\u00e1s). En cuanto a las partidas que crecen, destacan las de las ayudas para inversi\u00f3n en activos fijas, la l\u00ednea gen\u00e9rica de integraci\u00f3n sociolaboral, asistencia t\u00e9cnica y entidades representativas y una l\u00ednea nueva que se dota en previsi\u00f3n de las necesidades que puedan derivarse del plan bienal con el que se est\u00e1 trabajando actualmente.<\/p>\n<p>Sin embargo, las cifras demuestran que las dotaciones presupuestarias a la econom\u00eda social se sit\u00faan todav\u00eda un 36,32% por bajo del que se presupuest\u00f3 en 2008; aun as\u00ed, \u00a0con el actual Consell si se confirman estos datos, se habr\u00e1 doblado la dotaci\u00f3n que hered\u00f3 del anterior equipo de gobierno, con un crecimiento del 96,08% entre 2015 y 2018.<\/p>\n<p>El consellet Climent ratific\u00f3 en la reuni\u00f3n la intenci\u00f3n de la consejer\u00eda, como ya dijo la secretaria auton\u00f3mica, de exponer el plan bienal del cooperativismo valenciano (Fent Cooperatives) en la reuni\u00f3n que el Consell celebra en Ademuz este fin de semana.<\/p>\n<div id=\"attachment_19431\" style=\"width: 310px\" class=\"wp-caption alignnone\"><img aria-describedby=\"caption-attachment-19431\" decoding=\"async\" loading=\"lazy\" class=\"size-medium wp-image-19431\" src=\"http:\/\/concoval.es\/wp-content\/uploads\/2017\/07\/IMG-20170719-WA0005-300x169.jpg\" alt=\"\" width=\"300\" height=\"169\" srcset=\"https:\/\/concoval.es\/wp-content\/uploads\/2017\/07\/IMG-20170719-WA0005-300x169.jpg 300w, https:\/\/concoval.es\/wp-content\/uploads\/2017\/07\/IMG-20170719-WA0005-768x432.jpg 768w, https:\/\/concoval.es\/wp-content\/uploads\/2017\/07\/IMG-20170719-WA0005-1024x576.jpg 1024w, https:\/\/concoval.es\/wp-content\/uploads\/2017\/07\/IMG-20170719-WA0005-700x394.jpg 700w, https:\/\/concoval.es\/wp-content\/uploads\/2017\/07\/IMG-20170719-WA0005-539x303.jpg 539w, https:\/\/concoval.es\/wp-content\/uploads\/2017\/07\/IMG-20170719-WA0005.jpg 1600w\" sizes=\"(max-width: 300px) 100vw, 300px\" \/><p id=\"caption-attachment-19431\" class=\"wp-caption-text\">Reuni\u00f3n del pleno del Consell Valenci\u00e0 del Cooperativime<\/p><\/div>\n<p>&nbsp;<\/p>","protected":false},"excerpt":{"rendered":"<p>La Confederaci\u00f3 de Cooperativas de la Comunidad Valenciana ha participado en el pleno del Consell Valenci\u00e0 del Cooperativisme donde el conseller de Econom\u00eda Sostenible, Rafael Climent, ha presentado el borrador del anteproyecto de presupuestos en relaci\u00f3n a las l\u00edneas de ayudas a la econom\u00eda social&#8230;.<\/p>\n","protected":false},"author":2,"featured_media":19431,"comment_status":"open","ping_status":"closed","sticky":false,"template":"","format":"standard","meta":{"footnotes":""},"categories":[1],"tags":[],"_links":{"self":[{"href":"https:\/\/concoval.es\/es\/wp-json\/wp\/v2\/posts\/19429"}],"collection":[{"href":"https:\/\/concoval.es\/es\/wp-json\/wp\/v2\/posts"}],"about":[{"href":"https:\/\/concoval.es\/es\/wp-json\/wp\/v2\/types\/post"}],"author":[{"embeddable":true,"href":"https:\/\/concoval.es\/es\/wp-json\/wp\/v2\/users\/2"}],"replies":[{"embeddable":true,"href":"https:\/\/concoval.es\/es\/wp-json\/wp\/v2\/comments?post=19429"}],"version-history":[{"count":0,"href":"https:\/\/concoval.es\/es\/wp-json\/wp\/v2\/posts\/19429\/revisions"}],"wp:featuredmedia":[{"embeddable":true,"href":"https:\/\/concoval.es\/es\/wp-json\/wp\/v2\/media\/19431"}],"wp:attachment":[{"href":"https:\/\/concoval.es\/es\/wp-json\/wp\/v2\/media?parent=19429"}],"wp:term":[{"taxonomy":"category","embeddable":true,"href":"https:\/\/concoval.es\/es\/wp-json\/wp\/v2\/categories?post=19429"},{"taxonomy":"post_tag","embeddable":true,"href":"https:\/\/concoval.es\/es\/wp-json\/wp\/v2\/tags?post=19429"}],"curies":[{"name":"wp","href":"https:\/\/api.w.org\/{rel}","templated":true}]}}