{"id":21027,"date":"2018-03-22T12:49:55","date_gmt":"2018-03-22T11:49:55","guid":{"rendered":"http:\/\/concoval.es\/?p=21027"},"modified":"2018-03-23T13:06:24","modified_gmt":"2018-03-23T12:06:24","slug":"espanol-aprobada-la-estrategia-espanola-de-economia-social-2017-2020","status":"publish","type":"post","link":"https:\/\/concoval.es\/es\/espanol-aprobada-la-estrategia-espanola-de-economia-social-2017-2020\/","title":{"rendered":"Aprobada la Estrategia Espa\u00f1ola de Econom\u00eda Social 2017-2020"},"content":{"rendered":"<p><strong>Madrid, 21-03-2018.-<\/strong> La Minsitra de Empleo y Seguridad Social, F\u00e1tima B\u00e1\u00f1ez, ha presentado la Estrategia Espa\u00f1ola de Econom\u00eda Social 2017-2020, publicada ya en el BOE, a los miembros de la junta directiva de CEPES en su sede social, entre los que se encuentra el presidente de la Confederaci\u00f3 de Cooperatives de la Comunitat Valenciana, Emili Villaescusa.<\/p>\n<p>Ba\u00f1ez ha explicado que el objetivo de la Estrategia Espa\u00f1ola de Econom\u00eda Social, la primera que se aprueba en un pa\u00eds de la UE, contiene 11 Ejes y 63 Medidas destinadas a potenciar el crecimiento de este modelo econ\u00f3mico que representa el 10% del PIB y el 12,5% del empleo espa\u00f1ol. Asimismo, la ha calificado como \u201cun instrumento de trabajo a la vanguardia, para un modelo de hacer empresa centrado en las personas, afirmando que la \u201cla Econom\u00eda Social es una prioridad en la Espa\u00f1a de la recuperaci\u00f3n social, un referente en Europa y uno de los mejores exponentes de la marca Espa\u00f1a\u201d.<\/p>\n<p>La ministra de Empleo y Seguridad Social ha afirmado que \u201cla Econom\u00eda Social es una prioridad en la Espa\u00f1a de la recuperaci\u00f3n social, un referente en Europa y uno de los mejores exponentes de la marca Espa\u00f1a\u201d. \u201cSus entidades\u201d, ha a\u00f1adido, \u201ccrean valor sobre la base de un crecimiento inclusivo y sostenible. Gracias por todo lo que hemos hecho juntos.<\/p>\n<p>\u201cLa mejor garant\u00eda de nuestro modelo de bienestar y de pensiones es el crecimiento econ\u00f3mico s\u00f3lido y la creaci\u00f3n de empleo de calidad. Ah\u00ed necesitamos a la Econom\u00eda Social, siendo protagonista de la recuperaci\u00f3n y poniendo el foco en las personas\u201d, ha puntualizado B\u00e1\u00f1ez.<\/p>\n<p>Asimismo, la ministra ha explicado que \u201clas entidades de la Econom\u00eda Social son un referente en la creaci\u00f3n y el mantenimiento de empleo de calidad: m\u00e1s del 80% del empleo es indefinido, fruto de su esfuerzo colectivo por la inclusi\u00f3n, el bienestar y la cohesi\u00f3n social\u201d.<\/p>\n<p>Adem\u00e1s, Ba\u00f1ez ha subrayado que la Econom\u00eda Social da oportunidades a colectivos con dificultades de acceder al mercado laboral, como j\u00f3venes o personas con discapacidad. Asimismo, ha recordado que \u201cla destrucci\u00f3n de empleo durante la crisis en las empresas de la Econom\u00eda Social fue un 8% inferior al resto de entidades empresariales\u201d.<\/p>\n<p>\u201cComo espa\u00f1oles\u201d, ha afirmado B\u00e1\u00f1ez, \u201cdebemos sentirnos orgullosos de haber creado empleo inclusivo y dar las gracias a todas las entidades \u2013de la Econom\u00eda Social- que hacen que la recuperaci\u00f3n sea inclusiva, un motor de empleo y no me quiero olvidar\u201d, a\u00f1adi\u00f3, \u201cde lo que es un sello y referente de valores de vuestro modelo de empresa: la inclusi\u00f3n y el respeto por el medioambiente\u201d.<\/p>\n<p><b>Referente en Europa<\/b><\/p>\n<p>Por su parte, el presidente de CEPES,\u00a0Juan Antonio Pedre\u00f1o, ha subrayado que \u00a0\u201cla Estrategia Espa\u00f1ola de Econom\u00eda Social 2017-2020 \u00a0que hoy publica el BOE es un impulso relevante para que la Econom\u00eda Social ocupe un lugar estructural en las pol\u00edticas econ\u00f3micas, tal y como reclama la UE; y no solo sea visto de manera coyuntural por su resiliencia demostrada en \u00e9poca de crisis y su presentaci\u00f3n al sector en la sede de CEPES lo ratifica\u201d.<\/p>\n<p>\u201cLa Econom\u00eda Social demuestra que es posible otro modelo econ\u00f3mico, con empresas comprometidas social y econ\u00f3micamente, que crean trabajo estable y de calidad, paritarias y que dan oportunidad a personas con discapacidad y colectivos en riesgo de exclusi\u00f3n; pero que adem\u00e1s tambi\u00e9n son competitivas en el mercado y algunas de las cuales son l\u00edderes en su actividad\u201d, ha afirmado Pedre\u00f1o.<\/p>\n<p>El presidente de CEPES, ha indicado que \u201ces sumamente importante que Espa\u00f1a sea el primer pa\u00eds que crea una Estrategia de Econom\u00eda Social, la cual servir\u00e1 para desarrollarla en otros pa\u00edses europeos que siguen la estela de lo que Espa\u00f1a est\u00e1 haciendo en materia de Econom\u00eda Social\u201d.<\/p>\n<p>Adem\u00e1s, Pedre\u00f1o ha destacado la importancia de que \u201cel Gobierno valore y quiera incrementar un ecosistema de Econom\u00eda Social que sirva para que las Comunidades Aut\u00f3nomas adapten y realicen planes de apoyo y soporte a nuestro modelo econ\u00f3mico\u201d.<\/p>\n<p>CEPES, como m\u00e1xima entidad representativa espa\u00f1ola de la Econom\u00eda Social, ha trabajado con el Gobierno de Espa\u00f1a con el objetivo de materializar esta Estrategia.<\/p>\n<p>En la presentaci\u00f3n de la Estrategia Espa\u00f1ola de Econom\u00eda Social tambi\u00e9n estuvieron presentes el secretario de Estado de Empleo,\u00a0Juan Pablo Riesgo Figuerola-Ferretti, la directora general del Trabajo Aut\u00f3nomo de la Econom\u00eda Social y de la Responsabilidad Social de las Empresas,\u00a0Carmen Casero, as\u00ed como representantes de los 26 entidades socias de CEPES.<\/p>\n<p><img decoding=\"async\" loading=\"lazy\" class=\"alignnone size-medium wp-image-21028\" src=\"http:\/\/concoval.es\/wp-content\/uploads\/2018\/03\/21-03-2018-ESTRATEGIA-ECSOCIAL-B\u00c1\u00d1EZ-CEPES-300x200.jpg\" alt=\"\" width=\"300\" height=\"200\" srcset=\"https:\/\/concoval.es\/wp-content\/uploads\/2018\/03\/21-03-2018-ESTRATEGIA-ECSOCIAL-B\u00c1\u00d1EZ-CEPES-300x200.jpg 300w, https:\/\/concoval.es\/wp-content\/uploads\/2018\/03\/21-03-2018-ESTRATEGIA-ECSOCIAL-B\u00c1\u00d1EZ-CEPES-768x512.jpg 768w, https:\/\/concoval.es\/wp-content\/uploads\/2018\/03\/21-03-2018-ESTRATEGIA-ECSOCIAL-B\u00c1\u00d1EZ-CEPES-1024x683.jpg 1024w, https:\/\/concoval.es\/wp-content\/uploads\/2018\/03\/21-03-2018-ESTRATEGIA-ECSOCIAL-B\u00c1\u00d1EZ-CEPES-700x467.jpg 700w, https:\/\/concoval.es\/wp-content\/uploads\/2018\/03\/21-03-2018-ESTRATEGIA-ECSOCIAL-B\u00c1\u00d1EZ-CEPES.jpg 1860w\" sizes=\"(max-width: 300px) 100vw, 300px\" \/><\/p>","protected":false},"excerpt":{"rendered":"<p>Madrid, 21-03-2018.- La Minsitra de Empleo y Seguridad Social, F\u00e1tima B\u00e1\u00f1ez, ha presentado la Estrategia Espa\u00f1ola de Econom\u00eda Social 2017-2020, publicada ya en el BOE, a los miembros de la junta directiva de CEPES en su sede social, entre los que se encuentra el presidente&#8230;<\/p>\n","protected":false},"author":2,"featured_media":21028,"comment_status":"closed","ping_status":"closed","sticky":false,"template":"","format":"standard","meta":{"footnotes":""},"categories":[1],"tags":[],"_links":{"self":[{"href":"https:\/\/concoval.es\/es\/wp-json\/wp\/v2\/posts\/21027"}],"collection":[{"href":"https:\/\/concoval.es\/es\/wp-json\/wp\/v2\/posts"}],"about":[{"href":"https:\/\/concoval.es\/es\/wp-json\/wp\/v2\/types\/post"}],"author":[{"embeddable":true,"href":"https:\/\/concoval.es\/es\/wp-json\/wp\/v2\/users\/2"}],"replies":[{"embeddable":true,"href":"https:\/\/concoval.es\/es\/wp-json\/wp\/v2\/comments?post=21027"}],"version-history":[{"count":0,"href":"https:\/\/concoval.es\/es\/wp-json\/wp\/v2\/posts\/21027\/revisions"}],"wp:featuredmedia":[{"embeddable":true,"href":"https:\/\/concoval.es\/es\/wp-json\/wp\/v2\/media\/21028"}],"wp:attachment":[{"href":"https:\/\/concoval.es\/es\/wp-json\/wp\/v2\/media?parent=21027"}],"wp:term":[{"taxonomy":"category","embeddable":true,"href":"https:\/\/concoval.es\/es\/wp-json\/wp\/v2\/categories?post=21027"},{"taxonomy":"post_tag","embeddable":true,"href":"https:\/\/concoval.es\/es\/wp-json\/wp\/v2\/tags?post=21027"}],"curies":[{"name":"wp","href":"https:\/\/api.w.org\/{rel}","templated":true}]}}