{"id":23385,"date":"2019-09-25T14:45:13","date_gmt":"2019-09-25T12:45:13","guid":{"rendered":"http:\/\/concoval.es\/?p=23385"},"modified":"2019-09-25T14:45:13","modified_gmt":"2019-09-25T12:45:13","slug":"emili-villaescusa-es-reunix-amb-zulima-perez-dg-de-coordinacio-del-dialeg-social","status":"publish","type":"post","link":"https:\/\/concoval.es\/es\/emili-villaescusa-es-reunix-amb-zulima-perez-dg-de-coordinacio-del-dialeg-social\/","title":{"rendered":"Emili Villaescusa se re\u00fane con Zulima P\u00e9rez, DG de Coordinaci\u00f3n del Di\u00e1logo Social"},"content":{"rendered":"<p><span style=\"color: black;\"><strong>Val\u00e8ncia, 25-09-2019.-<\/strong> El presidente de la Confederaci\u00f3 de Cooperatives de la CV, Emili Villaescusa, se ha reunido esta ma\u00f1ana con la directora general de Coordinaci\u00f3n del Di\u00e1logo Social, Zulima P\u00e9rez, para trasladarle las principales inquietudes y reivindicaciones del sector y ha manifestado \u00ab<em>su voluntad de crear sinergias y avanzar en el crecimiento sostenible<\/em>\u00ab.<\/span><\/p>\n<p>Villaescusa le ha trasladado a Zulima P\u00e9rez el inter\u00e9s del cooperativismo valenciano de \u00absumar y trabajar conjuntamente por el beneficio de la Comunitat Valenciana\u00bb. Para Villaescusa, a pesar de tener presencia en destacados \u00f3rganos de representaci\u00f3n empresarial, sigue habiendo algunos en los que no es as\u00ed y por eso reclamamos planes de acci\u00f3n para subsanar este d\u00e9ficit\u00bb. Villaescusa se ha referido, en concreto, a la presencia en la Mesa por el Di\u00e1logo Social, el Servef y el Consell Valenci\u00e0 per la FP.<\/p>\n<p><span style=\"color: black;\">Por su parte, la directora general ha destacado \u00ab<em>la importancia del papel que juegan las cooperativas en la econom\u00eda social y en la creaci\u00f3n de riqueza y la necesidad de que estos sectores participen activamente en el dise\u00f1o de las pol\u00edticas p\u00fablicas del Consell<\/em>\u00bb\u00a0 y\u00a0 ha se\u00f1alado, adem\u00e1s,\u00a0 que <\/span><span style=\"color: black;\">\u00ab<em>los principios y los valores del cooperativismo son valores compartidos por este Gobierno<\/em>\u00ab.<\/span><\/p>\n<p><img decoding=\"async\" loading=\"lazy\" class=\"alignnone size-medium wp-image-23389\" src=\"https:\/\/concoval.es\/wp-content\/uploads\/2019\/09\/190925-REUNIO-ZULIMA-PEREZ-COOPERATIVAS-300x200.jpg\" alt=\"\" width=\"300\" height=\"200\" srcset=\"https:\/\/concoval.es\/wp-content\/uploads\/2019\/09\/190925-REUNIO-ZULIMA-PEREZ-COOPERATIVAS-300x200.jpg 300w, https:\/\/concoval.es\/wp-content\/uploads\/2019\/09\/190925-REUNIO-ZULIMA-PEREZ-COOPERATIVAS-768x512.jpg 768w, https:\/\/concoval.es\/wp-content\/uploads\/2019\/09\/190925-REUNIO-ZULIMA-PEREZ-COOPERATIVAS-1024x683.jpg 1024w, https:\/\/concoval.es\/wp-content\/uploads\/2019\/09\/190925-REUNIO-ZULIMA-PEREZ-COOPERATIVAS-700x467.jpg 700w\" sizes=\"(max-width: 300px) 100vw, 300px\" \/><\/p>","protected":false},"excerpt":{"rendered":"<p>Val\u00e8ncia, 25-09-2019.- El presidente de la Confederaci\u00f3 de Cooperatives de la CV, Emili Villaescusa, se ha reunido esta ma\u00f1ana con la directora general de Coordinaci\u00f3n del Di\u00e1logo Social, Zulima P\u00e9rez, para trasladarle las principales inquietudes y reivindicaciones del sector y ha manifestado \u00absu voluntad de&#8230;<\/p>\n","protected":false},"author":2,"featured_media":23389,"comment_status":"closed","ping_status":"closed","sticky":false,"template":"","format":"standard","meta":{"footnotes":""},"categories":[1],"tags":[],"_links":{"self":[{"href":"https:\/\/concoval.es\/es\/wp-json\/wp\/v2\/posts\/23385"}],"collection":[{"href":"https:\/\/concoval.es\/es\/wp-json\/wp\/v2\/posts"}],"about":[{"href":"https:\/\/concoval.es\/es\/wp-json\/wp\/v2\/types\/post"}],"author":[{"embeddable":true,"href":"https:\/\/concoval.es\/es\/wp-json\/wp\/v2\/users\/2"}],"replies":[{"embeddable":true,"href":"https:\/\/concoval.es\/es\/wp-json\/wp\/v2\/comments?post=23385"}],"version-history":[{"count":0,"href":"https:\/\/concoval.es\/es\/wp-json\/wp\/v2\/posts\/23385\/revisions"}],"wp:featuredmedia":[{"embeddable":true,"href":"https:\/\/concoval.es\/es\/wp-json\/wp\/v2\/media\/23389"}],"wp:attachment":[{"href":"https:\/\/concoval.es\/es\/wp-json\/wp\/v2\/media?parent=23385"}],"wp:term":[{"taxonomy":"category","embeddable":true,"href":"https:\/\/concoval.es\/es\/wp-json\/wp\/v2\/categories?post=23385"},{"taxonomy":"post_tag","embeddable":true,"href":"https:\/\/concoval.es\/es\/wp-json\/wp\/v2\/tags?post=23385"}],"curies":[{"name":"wp","href":"https:\/\/api.w.org\/{rel}","templated":true}]}}