{"id":32347,"date":"2023-10-30T12:18:54","date_gmt":"2023-10-30T11:18:54","guid":{"rendered":"https:\/\/concoval.es\/?p=32347"},"modified":"2024-06-07T13:40:06","modified_gmt":"2024-06-07T11:40:06","slug":"les-cooperatives-valencianes-i-la-fundacio-vicente-ferrer-posen-en-marxa-el-primer-centre-comunitari-per-a-impulsar-lassociacionisme-en-anantapur","status":"publish","type":"post","link":"https:\/\/concoval.es\/es\/les-cooperatives-valencianes-i-la-fundacio-vicente-ferrer-posen-en-marxa-el-primer-centre-comunitari-per-a-impulsar-lassociacionisme-en-anantapur\/","title":{"rendered":"Las cooperativas valencianas y la Fundaci\u00f3n Vicente Ferrer ponen en marcha el primer centro comunitario para impulsar el asociacionismo en Anantapur"},"content":{"rendered":"<p><span style=\"vertical-align: inherit;\"><span style=\"vertical-align: inherit;\">Valencia, 30-10-2023.-<\/span><\/span><\/p>\n<ul>\n<li>Este espacio es el punto de partida de una nueva l\u00ednea de acci\u00f3n para aumentar la representatividad y la capacidad de acci\u00f3n de los colectivos m\u00e1s vulnerables.<\/li>\n<li>Una delegaci\u00f3n de las cooperativas participantes en el proyecto se desplaz\u00f3 a India para participar en el acto de colocaci\u00f3n de la primera piedra.<\/li>\n<\/ul>\n<p>Gracias al apoyo de 21 cooperativas valencianas, 31 asociaciones de personas con discapacidad del sur de la India dispondr\u00e1n de un espacio seguro para debatir sobre sus necesidades, velar por la protecci\u00f3n de sus derechos, realizar proyectos conjuntos e intercambiar conocimientos y recursos. El pasado 10 de octubre, una representaci\u00f3n de las cooperativas participantes en el proyecto se desplaz\u00f3 hasta la aldea de Bommanahal para colocar la primera piedra de este centro comunitario promovido por la Fundaci\u00f3n Vicente Ferrer (FVF), que entrar\u00e1 en funcionamiento en enero de 2025.<\/p>\n<p>La FVF y <em>Rural Development Trust<\/em> (RDT), matriz y contraparte de la Fundaci\u00f3n en la India, trabajan desde sus inicios junto a la poblaci\u00f3n local implementando programas dirigidos a promover el asociacionismo en las aldeas como herramienta imprescindible para salir del aislamiento, promover el debate e impulsar un sentimiento de colectividad necesario para avanzar.<\/p>\n<p>Gracias a este esfuerzo, hoy, m\u00e1s de 100.000 personas pertenecientes a los colectivos m\u00e1s vulnerables forman parte de las m\u00e1s de 7.000 asociaciones que facilitan la toma de conciencia de sus derechos y les muestran la mejor forma de acceder a ellos.<\/p>\n<p>Con el objetivo de avanzar en este proceso, la FVF y RDT han puesto en marcha, junto a la Confederaci\u00f3 de Cooperatives de la Comunitat Valenciana (Concoval), el que ser\u00e1 el primer centro dirigido a promover la colaboraci\u00f3n entre asociaciones.<\/p>\n<p>Este centro contar\u00e1 con instalaciones polivalentes y espacios comunes donde las asociaciones incluidas en su radio de acci\u00f3n organizar\u00e1n encuentros para la toma de decisiones conjunta y coordinada, y supondr\u00e1 el punto de partida de una nueva l\u00ednea de acci\u00f3n que nace con la aspiraci\u00f3n de aumentar la representatividad y la capacidad de acci\u00f3n de las personas pertenecientes a los colectivos m\u00e1s vulnerables.<\/p>\n<p><strong>El cooperativismo valenciano en Anantapur<\/strong><\/p>\n<p><strong>\u00a0<\/strong>La alianza entre Concoval y la FVF empez\u00f3 en 2016 con un viaje a India de su directiva para conocer de primera mano el trabajo de la organizaci\u00f3n y compartir sus experiencias en el desarrollo de la econom\u00eda social. Ese mismo a\u00f1o, las cooperativas se unieron en la primera acci\u00f3n intercooperativa de solidaridad de la Comunitat Valenciana para acompa\u00f1ar a 17 familias indias hacia una vida digna a trav\u00e9s de la construcci\u00f3n de viviendas y servicios b\u00e1sicos en su aldea. El \u00e9xito de este primer logro anim\u00f3 al desarrollo de un nuevo proyecto transformador en 2018: la construcci\u00f3n de un centro de secundaria en una zona rural para m\u00e1s de 500 j\u00f3venes provenientes de familias campesinas humildes.<\/p>\n<p><span style=\"vertical-align: inherit;\"><span style=\"vertical-align: inherit;\">En esta ocasi\u00f3n, un total de 21 entidades cooperativas se han unido en la iniciativa coordinada por Concoval para construir el centro comunitario de asociaciones: Anecoop, Impulso Cooperativo, Caja Popular, Mart\u00ed Sorolla, Min Project, La Terreta Servicios Sociales, MQR Radio, Covalser , Juan Comenius, Cooperativa Agr\u00edcola Ntra. D\u00aa. de L&#8217;Oreto (Canso), Caja Rural de Alcudia, Covi\u00f1as, Florida Centro de Formaci\u00f3n, Coarval, Rural San Vicente Ferrer De Benaguasil, Coinfer, Caja Rural Central, Caja Rural de Albal, Uni\u00f3n de Cooperativas de Ense\u00f1anza, y las federaciones de cooperativas de Consumidores y Usuarios y El\u00e9ctricas de la Comunitat Valenciana. La solidaridad de todas estas cooperativas, de diferentes clases y tama\u00f1os, ha recaudado 45.350 euros.<\/span><\/span><\/p>\n<p><strong>Sobre la Fundaci\u00f3n Vicente Ferrer<\/strong><\/p>\n<p>La Fundaci\u00f3n Vicente Ferrer es una organizaci\u00f3n de acci\u00f3n independiente integrada por personas que comparten plenamente los ideales humanistas. Tiene un compromiso con las comunidades m\u00e1s fr\u00e1giles, vulnerables y tradicionalmente discriminadas. Su objetivo es llegar al mayor n\u00famero posible de personas en riesgo de discriminaci\u00f3n, desigualdad o pobreza. El modelo de desarrollo de la FVF coincide con el conjunto de propuestas globales de la ONU para alcanzar los Objetivos de Desarrollo Sostenible en 2030.<\/p>\n<p>&nbsp;<\/p>","protected":false},"excerpt":{"rendered":"<p>Valencia, 30-10-2023.- Este espacio es el punto de partida de una nueva l\u00ednea de acci\u00f3n para aumentar la representatividad y la capacidad de acci\u00f3n de los colectivos m\u00e1s vulnerables. Una delegaci\u00f3n de las cooperativas participantes en el proyecto se desplaz\u00f3 a India para participar en&#8230;<\/p>\n","protected":false},"author":2,"featured_media":33206,"comment_status":"closed","ping_status":"closed","sticky":false,"template":"","format":"standard","meta":{"footnotes":""},"categories":[1],"tags":[],"_links":{"self":[{"href":"https:\/\/concoval.es\/es\/wp-json\/wp\/v2\/posts\/32347"}],"collection":[{"href":"https:\/\/concoval.es\/es\/wp-json\/wp\/v2\/posts"}],"about":[{"href":"https:\/\/concoval.es\/es\/wp-json\/wp\/v2\/types\/post"}],"author":[{"embeddable":true,"href":"https:\/\/concoval.es\/es\/wp-json\/wp\/v2\/users\/2"}],"replies":[{"embeddable":true,"href":"https:\/\/concoval.es\/es\/wp-json\/wp\/v2\/comments?post=32347"}],"version-history":[{"count":9,"href":"https:\/\/concoval.es\/es\/wp-json\/wp\/v2\/posts\/32347\/revisions"}],"predecessor-version":[{"id":33210,"href":"https:\/\/concoval.es\/es\/wp-json\/wp\/v2\/posts\/32347\/revisions\/33210"}],"wp:featuredmedia":[{"embeddable":true,"href":"https:\/\/concoval.es\/es\/wp-json\/wp\/v2\/media\/33206"}],"wp:attachment":[{"href":"https:\/\/concoval.es\/es\/wp-json\/wp\/v2\/media?parent=32347"}],"wp:term":[{"taxonomy":"category","embeddable":true,"href":"https:\/\/concoval.es\/es\/wp-json\/wp\/v2\/categories?post=32347"},{"taxonomy":"post_tag","embeddable":true,"href":"https:\/\/concoval.es\/es\/wp-json\/wp\/v2\/tags?post=32347"}],"curies":[{"name":"wp","href":"https:\/\/api.w.org\/{rel}","templated":true}]}}