{"id":32621,"date":"2024-01-26T13:03:52","date_gmt":"2024-01-26T12:03:52","guid":{"rendered":"https:\/\/concoval.es\/?p=32621"},"modified":"2024-06-07T12:46:23","modified_gmt":"2024-06-07T10:46:23","slug":"la-capitalitat-de-leconomia-social-convertira-a-valencia-en-la-referencia-europea-del-cooperativisme","status":"publish","type":"post","link":"https:\/\/concoval.es\/es\/la-capitalitat-de-leconomia-social-convertira-a-valencia-en-la-referencia-europea-del-cooperativisme\/","title":{"rendered":"La Capitalidad de la Econom\u00eda Social convertir\u00e1 a Val\u00e8ncia en la referencia europea del cooperativismo"},"content":{"rendered":"<p><strong>Val\u00e8ncia, 26-01-2024<\/strong><\/p>\n<ul>\n<li>La Confederaci\u00f3 de Cooperatives de la Comunitat Valenciana (CONCOVAL) se ha referido a la declaraci\u00f3n de Val\u00e8ncia Capital de la Econom\u00eda Social 2024 como el impulso definitivo para que el cooperativismo auton\u00f3mico alcance el prestigio social que merece<\/li>\n<li>La provincia de Valencia ostenta el liderazgo a nivel estatal en t\u00e9rminos de empleo cooperativo, adem\u00e1s, las ventas de las cooperativas representan el 7,93% del PIB de la comunidad aut\u00f3noma<\/li>\n<li><em>\u201cSe trata de un reconocimiento que valora la contribuci\u00f3n de la econom\u00eda social para abordar retos como la creaci\u00f3n de empleo de calidad, la lucha contra la despoblaci\u00f3n rural, la transici\u00f3n ecol\u00f3gica o la colaboraci\u00f3n p\u00fablico-privada\u201d<\/em>, ha destacado el presidente de Concoval, Emilio Sampedro<\/li>\n<\/ul>\n<p>Val\u00e8ncia ser\u00e1 Capital de la Econom\u00eda Social Espa\u00f1ola en 2024. Se trata de un reconocimiento impulsado por el Ministerio de Trabajo y Econom\u00eda Social, que se ha hecho p\u00fablico esta semana y que va a tener un impacto directo en el cooperativismo valenciano, tal y como ha indicado la Confederaci\u00f3 de Cooperatives de la Comunitat Valenciana (Concoval).<\/p>\n<p><em>\u201cEste reconocimiento supone una oportunidad \u00fanica para situar al cooperativismo valenciano como referencia a nivel europeo en cuestiones como la polivalencia, la colaboraci\u00f3n p\u00fablico-privada o la sostenibilidad\u201d<\/em>, ha afirmado el presidente de Concoval, Emilio Sampedro, en unas declaraciones que van en la misma l\u00ednea del mensaje lanzado por la alcaldesa de Val\u00e8ncia, Mar\u00eda Jos\u00e9 Catal\u00e1, que ha definido el cooperativismo valenciano como un movimiento transversal caracterizado por la pluralidad y cuyo impacto es clave en el desarrollo socioecon\u00f3mico de la Comunitat.<\/p>\n<p>La iniciativa para la presentaci\u00f3n de la candidatura valenciana fue impulsada desde Concoval, con el prop\u00f3sito de incrementar la visibilidad p\u00fablica del cooperativismo y la econom\u00eda social de la Comunitat, mostrando su potencia, proyecci\u00f3n, pluralidad y modernidad. La propuesta se plante\u00f3 formalmente desde la Generalitat Valenciana y fue reclamada desde el propio Ayuntamiento de la ciudad. La candidatura cont\u00f3 con numerosas adhesiones por parte de organizaciones de la sociedad civil valenciana, entidades del \u00e1mbito socioecon\u00f3mico y acad\u00e9mico y empresas relevantes de la econom\u00eda social; adem\u00e1s, recibi\u00f3 el apoyo un\u00e1nime de instituciones como Les Corts o el Comit\u00e9 Econ\u00f3mico y Social de la Comunitat Valenciana, en el que est\u00e1n representados los principales agentes sociales.<\/p>\n<p>A prop\u00f3sito de la capitalidad, desde el m\u00e1ximo \u00f3rgano de representaci\u00f3n de las cooperativas valencianas relacionan esta declaraci\u00f3n con el trabajo que se viene desarrollando por parte de las organizaciones de la econom\u00eda social valenciana y que se intensificar\u00e1 durante este a\u00f1o: <em>\u201cVamos a seguir impulsando el cooperativismo desde una estructura representativa que facilite los procesos de interlocuci\u00f3n con la Administraci\u00f3n P\u00fablica y con los agentes sociales\u201d<\/em>. Adem\u00e1s, la entidad ha definido el momento actual como <em>\u201cuna oportunidad para convertir a Val\u00e8ncia en el punto de encuentro de toda la econom\u00eda social espa\u00f1ola\u201d<\/em>. Y ha a\u00f1adido: \u201c<em>hay muchas entidades involucradas en esta iniciativa y el sumatorio de la acci\u00f3n de todas ellas nos dar\u00e1 una agenda bien interesante para 2024<\/em>\u201d.<\/p>\n<p>Val\u00e8ncia recibe el testigo de la capitalidad de Donostia; previamente, tambi\u00e9n fueron capitales de la econom\u00eda social espa\u00f1ola otras ciudades como Santiago de Compostela, Teruel y Toledo.<\/p>\n<p><strong>Las cifras del cooperativismo valenciano<\/strong><\/p>\n<p>Valencia es la provincia de Espa\u00f1a con m\u00e1s personas trabajando en cooperativas. Adem\u00e1s, hay casi tres millones de cooperativistas en la Comunitat Valenciana, cifra que supone m\u00e1s de la mitad de la poblaci\u00f3n de este territorio. Por otro lado, las ventas de las cooperativas representan el 7,93% del PIB de la comunidad aut\u00f3noma, una estad\u00edstica que sigue en pleno crecimiento.<\/p>\n<p>\u201c<em>Esta autonom\u00eda cuenta con el cooperativismo m\u00e1s diverso de Espa\u00f1a por el abanico de actividades econ\u00f3micas que cubre, un potencial que viene avalado por las cifras\u201d<\/em>, ha explicado Sampedro tras destacar que hay m\u00e1s de 2.700 empresas cooperativas en activo en la Comunitat que est\u00e1n generando 60.000 empleos directos.<\/p>\n<p>Al margen de las cifras actuales, desde Concoval apuntan al potencial innovador del cooperativismo valenciano como el principal eje sobre el que impulsarse para lograr ese objetivo de consolidarse como una referencia europea. Y, m\u00e1s all\u00e1 de este foco innovador, las cooperativas destacan la eficiencia, la responsabilidad social, la transparencia o la democracia interna como elementos clave a la hora de seguir desarroll\u00e1ndose a partir de este a\u00f1o marcado por la Capitalidad de la Econom\u00eda Social. <em>\u201cDebemos aprovechar esta oportunidad para que cooperativas y cooperativistas se sientan especialmente orgullosos de serlo\u201d<\/em>, ha indicado el presidente de Concoval mientras se refer\u00eda a estas sociedades como actores clave para el \u00e9xito de las estrategias de futuro de la Uni\u00f3n Europea, al ser capaces de aportar soluciones compartidas a desaf\u00edos sociales cruciales como el desempleo, el reto demogr\u00e1fico, o la transici\u00f3n energ\u00e9tica.<\/p>\n<p><strong><em>CONCOVAL<\/em><\/strong><\/p>\n<p><em>\u00a0<\/em><em>Concoval es el m\u00e1ximo \u00f3rgano de representaci\u00f3n de las empresas cooperativas y de sus organizaciones en la Comunitat Valenciana (art\u00edculo 107 de la Ley de Cooperativas de la Comunitat Valenciana). La Confederaci\u00f3 de Cooperatives de la Comunitat Valenciana es una entidad sin \u00e1nimo de lucro que, desde su constituci\u00f3n en 1989, integra a todas las federaciones de cooperativas existentes en el territorio auton\u00f3mico. Su funci\u00f3n b\u00e1sica es defender los intereses de las cooperativas valencianas, represent\u00e1ndolas a nivel institucional en cuantos asuntos les conciernan de manera global, y comunicando a la opini\u00f3n p\u00fablica los principios y valores del cooperativismo.<\/em><\/p>","protected":false},"excerpt":{"rendered":"<p>Val\u00e8ncia, 26-01-2024 La Confederaci\u00f3 de Cooperatives de la Comunitat Valenciana (CONCOVAL) se ha referido a la declaraci\u00f3n de Val\u00e8ncia Capital de la Econom\u00eda Social 2024 como el impulso definitivo para que el cooperativismo auton\u00f3mico alcance el prestigio social que merece La provincia de Valencia ostenta&#8230;<\/p>\n","protected":false},"author":2,"featured_media":33203,"comment_status":"closed","ping_status":"closed","sticky":false,"template":"","format":"standard","meta":{"footnotes":""},"categories":[1],"tags":[],"_links":{"self":[{"href":"https:\/\/concoval.es\/es\/wp-json\/wp\/v2\/posts\/32621"}],"collection":[{"href":"https:\/\/concoval.es\/es\/wp-json\/wp\/v2\/posts"}],"about":[{"href":"https:\/\/concoval.es\/es\/wp-json\/wp\/v2\/types\/post"}],"author":[{"embeddable":true,"href":"https:\/\/concoval.es\/es\/wp-json\/wp\/v2\/users\/2"}],"replies":[{"embeddable":true,"href":"https:\/\/concoval.es\/es\/wp-json\/wp\/v2\/comments?post=32621"}],"version-history":[{"count":9,"href":"https:\/\/concoval.es\/es\/wp-json\/wp\/v2\/posts\/32621\/revisions"}],"predecessor-version":[{"id":32799,"href":"https:\/\/concoval.es\/es\/wp-json\/wp\/v2\/posts\/32621\/revisions\/32799"}],"wp:featuredmedia":[{"embeddable":true,"href":"https:\/\/concoval.es\/es\/wp-json\/wp\/v2\/media\/33203"}],"wp:attachment":[{"href":"https:\/\/concoval.es\/es\/wp-json\/wp\/v2\/media?parent=32621"}],"wp:term":[{"taxonomy":"category","embeddable":true,"href":"https:\/\/concoval.es\/es\/wp-json\/wp\/v2\/categories?post=32621"},{"taxonomy":"post_tag","embeddable":true,"href":"https:\/\/concoval.es\/es\/wp-json\/wp\/v2\/tags?post=32621"}],"curies":[{"name":"wp","href":"https:\/\/api.w.org\/{rel}","templated":true}]}}