{"id":32920,"date":"2024-03-26T12:11:13","date_gmt":"2024-03-26T11:11:13","guid":{"rendered":"https:\/\/concoval.es\/?p=32920"},"modified":"2024-06-07T12:37:13","modified_gmt":"2024-06-07T10:37:13","slug":"juan-antonio-pedreno-i-a-punt-guanyadors-dels-xv-premis-pepe-miquel-del-cooperativisme-valencia","status":"publish","type":"post","link":"https:\/\/concoval.es\/es\/juan-antonio-pedreno-i-a-punt-guanyadors-dels-xv-premis-pepe-miquel-del-cooperativisme-valencia\/","title":{"rendered":"Juan Antonio Pedre\u00f1o y \u00c0 Punt, ganadores de los XV Premios Pepe Miquel del Cooperativismo Valenciano"},"content":{"rendered":"<p><strong>Val\u00e8ncia, 26\/03\/2024<\/strong><\/p>\n<ul>\n<li>El jurado de los premios ha valorado la trayectoria del presidente de CEPES y la contribuci\u00f3n de la radiotelevisi\u00f3n p\u00fablica valenciana a la difusi\u00f3n de los valores cooperativos.<\/li>\n<li>El acto de entrega de los reconocimientos tendr\u00e1 lugar el pr\u00f3ximo 18 de abril en Val\u00e8ncia, en el marco de los actos conmemorativos de la capitalidad de la econom\u00eda social espa\u00f1ola.<\/li>\n<\/ul>\n<p>El jurado de los premios Pepe Miquel, cuyo presidente de honor ostenta el President de la Generalitat Valenciana, Carlos Maz\u00f3n, ha decidido este lunes los ganadores de la decimoquinta edici\u00f3n de los reconocimientos que, de manera bienal, entrega la Confederaci\u00f3 de Cooperatives de la Comunitat Valenciana (CONCOVAL). En la categor\u00eda de Trayectoria Cooperativa se ha impuesto la candidatura de Juan Antonio Pedre\u00f1o, presidente de la Confederaci\u00f3n Empresarial Espa\u00f1ola de la Econom\u00eda Social (CEPES), mientras que, en la de Comunicaci\u00f3n Responsable, el jurado ha decidido otorgar el premio a \u00c0 Punt Media, la radiotelevisi\u00f3n y web p\u00fablica valenciana.<\/p>\n<p>En el a\u00f1o en que Val\u00e8ncia ostenta la capitalidad espa\u00f1ola de la econom\u00eda social, el jurado ha valorado el trabajo de Pedre\u00f1o, presidente del m\u00e1ximo \u00f3rgano de representaci\u00f3n de la econom\u00eda social a nivel estatal desde 2008, para impulsar el cooperativismo y reivindicar ante los poderes p\u00fablicos el reconocimiento institucional y pol\u00edtico que le corresponde. Este murciano, que lleva d\u00e9cadas vinculado al cooperativismo de ense\u00f1anza y de trabajo asociado en su regi\u00f3n, preside tambi\u00e9n desde 2015 <em>Social Economy Europe<\/em>, la organizaci\u00f3n que re\u00fane a todas las entidades asociativas de la econom\u00eda social en Europa.<\/p>\n<p>Pedre\u00f1o desempe\u00f1a adem\u00e1s numerosos cargos p\u00fablicos en representaci\u00f3n de la econom\u00eda social espa\u00f1ola. Entre ellos, es miembro del Consejo Econ\u00f3mico y Social Estatal. Tambi\u00e9n participa en <em>Cooperatives Europe<\/em>, en el Comit\u00e9 Nacional de la Cumbre Mundial del Microcr\u00e9dito y en la Fundaci\u00f3n Telef\u00f3nica <em>Ability Awards<\/em>, entre otros foros.<\/p>\n<p><strong>Visibilidad a las cooperativas valencianas<\/strong><\/p>\n<p>Por su parte, la radiotelevisi\u00f3n p\u00fablica \u00c0 Punt se ha convertido en el medio vencedor del Premio a la Comunicaci\u00f3n Responsable, que se otorga a profesionales, entidades o medios de comunicaci\u00f3n cuya labor contribuye a la divulgaci\u00f3n, difusi\u00f3n y conocimiento de la actividad y los principios del cooperativismo.<\/p>\n<p>En el caso concreto de la cadena auton\u00f3mica, el jurado ha valorado especialmente las numerosas noticias y programas en los que las cooperativas valencianas han tenido una voz propia en los diferentes canales de comunicaci\u00f3n en los que tiene presencia \u00c0 Punt (televisi\u00f3n, web y radio).<\/p>\n<p>El acto de entrega de galardones tendr\u00e1 lugar el pr\u00f3ximo 18 de abril en Val\u00e8ncia, con la presencia de autoridades y buena parte del tejido cooperativo valenciano. Estos premios est\u00e1n patrocinados por las cooperativas Anecoop, Consum, Caixa Popular y Grupo Cooperativo Cajamar.<\/p>","protected":false},"excerpt":{"rendered":"<p>Val\u00e8ncia, 26\/03\/2024 El jurado de los premios ha valorado la trayectoria del presidente de CEPES y la contribuci\u00f3n de la radiotelevisi\u00f3n p\u00fablica valenciana a la difusi\u00f3n de los valores cooperativos. El acto de entrega de los reconocimientos tendr\u00e1 lugar el pr\u00f3ximo 18 de abril en&#8230;<\/p>\n","protected":false},"author":2,"featured_media":33199,"comment_status":"closed","ping_status":"closed","sticky":false,"template":"","format":"standard","meta":{"footnotes":""},"categories":[1],"tags":[],"_links":{"self":[{"href":"https:\/\/concoval.es\/es\/wp-json\/wp\/v2\/posts\/32920"}],"collection":[{"href":"https:\/\/concoval.es\/es\/wp-json\/wp\/v2\/posts"}],"about":[{"href":"https:\/\/concoval.es\/es\/wp-json\/wp\/v2\/types\/post"}],"author":[{"embeddable":true,"href":"https:\/\/concoval.es\/es\/wp-json\/wp\/v2\/users\/2"}],"replies":[{"embeddable":true,"href":"https:\/\/concoval.es\/es\/wp-json\/wp\/v2\/comments?post=32920"}],"version-history":[{"count":2,"href":"https:\/\/concoval.es\/es\/wp-json\/wp\/v2\/posts\/32920\/revisions"}],"predecessor-version":[{"id":32922,"href":"https:\/\/concoval.es\/es\/wp-json\/wp\/v2\/posts\/32920\/revisions\/32922"}],"wp:featuredmedia":[{"embeddable":true,"href":"https:\/\/concoval.es\/es\/wp-json\/wp\/v2\/media\/33199"}],"wp:attachment":[{"href":"https:\/\/concoval.es\/es\/wp-json\/wp\/v2\/media?parent=32920"}],"wp:term":[{"taxonomy":"category","embeddable":true,"href":"https:\/\/concoval.es\/es\/wp-json\/wp\/v2\/categories?post=32920"},{"taxonomy":"post_tag","embeddable":true,"href":"https:\/\/concoval.es\/es\/wp-json\/wp\/v2\/tags?post=32920"}],"curies":[{"name":"wp","href":"https:\/\/api.w.org\/{rel}","templated":true}]}}