{"id":35259,"date":"2026-04-17T10:42:52","date_gmt":"2026-04-17T08:42:52","guid":{"rendered":"https:\/\/concoval.es\/?p=35259"},"modified":"2026-04-17T10:44:33","modified_gmt":"2026-04-17T08:44:33","slug":"concoval-acosta-el-pla-fent-cooperatives-iii-a-lalumnat-deconomia-de-la-universitat-de-valencia","status":"publish","type":"post","link":"https:\/\/concoval.es\/es\/concoval-acosta-el-pla-fent-cooperatives-iii-a-lalumnat-deconomia-de-la-universitat-de-valencia\/","title":{"rendered":"CONCOVAL acerca el plan FENT Cooperatives III al alumnado de Econom\u00eda de la Universitat de Val\u00e8ncia"},"content":{"rendered":"<p><\/p>\n<ul>\n<li>La acci\u00f3n, desarrollada en dos sesiones, ha permitido al alumnado trabajar en grupo y presentar propuestas para reforzar el plan de impulso al cooperativismo.<\/li>\n<li>Con esta acci\u00f3n se completa el programa de actividades universitarias desarrollado por CONCOVAL con motivo del A\u00f1o Internacional de las Cooperativas.<\/li>\n<li>La colaboraci\u00f3n con las universidades valencianas refuerza el intercambio de ideas entre el \u00e1mbito acad\u00e9mico y el mundo del cooperativismo.<\/li>\n<\/ul>\n<p>&nbsp;<\/p>\n<p><strong>Val\u00e8ncia (17\/04\/2026).<\/strong> La Confederaci\u00f3 de Cooperatives de la Comunitat Valenciana (CONCOVAL) ha llevado a cabo, junto a la Universitat de Val\u00e8ncia, una actividad participativa dirigida al alumnado de \u00faltimo curso del Grado de Econom\u00eda, con el objetivo de analizar el plan <em>FENT Cooperatives III<\/em> y recoger aportaciones de cara a la construcci\u00f3n de futuras ediciones.<\/p>\n<p>La iniciativa se ha desarrollado a lo largo de dos sesiones de trabajo, lo cual ha permitido al estudiantado trabajar en grupos, elaborar y presentar propuestas orientadas a reforzar las l\u00edneas estrat\u00e9gicas del plan.<\/p>\n<p>La primera sesi\u00f3n, celebrada el 12 de marzo, cont\u00f3 con la intervenci\u00f3n de Nadia Miret, del \u00c1rea de Administraci\u00f3n e Informaci\u00f3n de CONCOVAL, quien present\u00f3 los principales ejes del plan <em>FENT Cooperatives III<\/em>, su relevancia y proyecci\u00f3n futura.<\/p>\n<p>La actividad parte de la premisa de que la juventud aporta una visi\u00f3n innovadora a los procesos ya establecidos. Con este enfoque, se abri\u00f3 un espacio de reflexi\u00f3n en el que el alumnado inici\u00f3 un an\u00e1lisis centrado en valorar el peso y la importancia de algunos de los ejes estrat\u00e9gicos clave del cooperativismo como son la juventud, la competitividad y la digitalizaci\u00f3n.<\/p>\n<p>La segunda sesi\u00f3n, celebrada el pasado jueves, se centr\u00f3 en la exposici\u00f3n de los trabajos realizados por el alumnado. Durante este encuentro, los participantes propusieron nuevas medidas destinadas a reforzar o complementar el actual plan, con el prop\u00f3sito de contribuir con ideas concretas a la futura elaboraci\u00f3n del <em>FENT Cooperatives IV<\/em>.<\/p>\n<p>&nbsp;<\/p>\n<p><strong>Iniciativa enmarcada en el A\u00f1o Internacional de las Cooperativas 2025<\/strong><\/p>\n<p>Con esta acci\u00f3n se cierra el ciclo de acciones singulares en las universidades con motivo del A\u00f1o Internacional de las Cooperativas, alineado al prop\u00f3sito estrat\u00e9gico de acercar los valores y la realidad del cooperativismo a la juventud.<\/p>\n<p>El programa ha permitido llegar a alumnado de perfiles acad\u00e9micos muy diversos en distintas universidades valencianas. As\u00ed, en la Universitat Jaume I de Castell\u00f3, la iniciativa se centr\u00f3 en la \u2018Comunicaci\u00f3n y divulgaci\u00f3n del cooperativismo\u2019 y se dirigi\u00f3 al alumnado de los grados de Periodismo; Publicidad y Relaciones P\u00fablicas, y Turismo. En la Universitat d\u2019Alacant, el plan contempl\u00f3 una jornada sobre \u2018Emprendimiento e impacto social y territorial del cooperativismo\u2019 dirigida al alumnado de Derecho y Econom\u00eda. Por otro lado, en la Universitat Polit\u00e8cnica de Val\u00e8ncia, la acci\u00f3n sigui\u00f3 la metodolog\u00eda\u00a0<em>hackathon<\/em>\u00a0y en ella particip\u00f3 alumnado del M\u00e1ster en Ingenier\u00eda Agron\u00f3mica. Asimismo, en Florida Universit\u00e0ria, se realiz\u00f3 el\u00a0<em>hackathon<\/em> \u2018Educaci\u00f3 amb VALORS\u2019 dirigido a estudiantes de Maestro\/a de Educaci\u00f3n Primaria y Maestro\/a de Educaci\u00f3n Infantil. Y, finalmente, en la Universitat de Val\u00e8ncia, se ha abordado el an\u00e1lisis del <em>FENT Cooperatives III<\/em> con alumnado del grado de Econom\u00eda.<\/p>\n<p>A trav\u00e9s de estas acciones, CONCOVAL pone en valor la relevancia de las nuevas generaciones para seguir impulsando un modelo cooperativo adaptado a los retos sociales y econ\u00f3micos actuales.<\/p>\n<p>&nbsp;<\/p>","protected":false},"excerpt":{"rendered":"<p>La acci\u00f3n, desarrollada en dos sesiones, ha permitido al alumnado trabajar en grupo y presentar propuestas para reforzar el plan de impulso al cooperativismo. Con esta acci\u00f3n se completa el programa de actividades universitarias desarrollado por CONCOVAL con motivo del A\u00f1o Internacional de las Cooperativas&#8230;.<\/p>\n","protected":false},"author":2,"featured_media":35260,"comment_status":"closed","ping_status":"closed","sticky":false,"template":"","format":"standard","meta":{"footnotes":""},"categories":[1],"tags":[],"_links":{"self":[{"href":"https:\/\/concoval.es\/es\/wp-json\/wp\/v2\/posts\/35259"}],"collection":[{"href":"https:\/\/concoval.es\/es\/wp-json\/wp\/v2\/posts"}],"about":[{"href":"https:\/\/concoval.es\/es\/wp-json\/wp\/v2\/types\/post"}],"author":[{"embeddable":true,"href":"https:\/\/concoval.es\/es\/wp-json\/wp\/v2\/users\/2"}],"replies":[{"embeddable":true,"href":"https:\/\/concoval.es\/es\/wp-json\/wp\/v2\/comments?post=35259"}],"version-history":[{"count":2,"href":"https:\/\/concoval.es\/es\/wp-json\/wp\/v2\/posts\/35259\/revisions"}],"predecessor-version":[{"id":35262,"href":"https:\/\/concoval.es\/es\/wp-json\/wp\/v2\/posts\/35259\/revisions\/35262"}],"wp:featuredmedia":[{"embeddable":true,"href":"https:\/\/concoval.es\/es\/wp-json\/wp\/v2\/media\/35260"}],"wp:attachment":[{"href":"https:\/\/concoval.es\/es\/wp-json\/wp\/v2\/media?parent=35259"}],"wp:term":[{"taxonomy":"category","embeddable":true,"href":"https:\/\/concoval.es\/es\/wp-json\/wp\/v2\/categories?post=35259"},{"taxonomy":"post_tag","embeddable":true,"href":"https:\/\/concoval.es\/es\/wp-json\/wp\/v2\/tags?post=35259"}],"curies":[{"name":"wp","href":"https:\/\/api.w.org\/{rel}","templated":true}]}}